{"id":1002,"date":"2026-09-02T10:00:00","date_gmt":"2026-09-02T08:00:00","guid":{"rendered":"https:\/\/www.wildtierfreund.de\/wordpress\/?p=1002"},"modified":"2026-08-12T10:51:00","modified_gmt":"2026-08-12T08:51:00","slug":"ich-bin-der-chef-im-revier","status":"publish","type":"post","link":"https:\/\/www.wildtierfreund.de\/wordpress\/ich-bin-der-chef-im-revier\/","title":{"rendered":"Ich bin der Chef im Revier!"},"content":{"rendered":"\n<div style=\"height:50px\" aria-hidden=\"true\" class=\"wp-block-spacer\"><\/div>\n\n\n\n<figure class=\"wp-block-image size-full is-resized\"><img loading=\"lazy\" decoding=\"async\" width=\"490\" height=\"305\" src=\"https:\/\/www.wildtierfreund.de\/wordpress\/wp-content\/uploads\/2026\/08\/Rothirsch-1.png\" alt=\"Illustrierte Zeichnung eines r\u00f6hrenden Rothirsches mit mehreren Weibachen in einer waldartigen Umgebung\" class=\"wp-image-1004\" style=\"width:638px;height:auto\" srcset=\"https:\/\/www.wildtierfreund.de\/wordpress\/wp-content\/uploads\/2026\/08\/Rothirsch-1.png 490w, https:\/\/www.wildtierfreund.de\/wordpress\/wp-content\/uploads\/2026\/08\/Rothirsch-1-300x187.png 300w, https:\/\/www.wildtierfreund.de\/wordpress\/wp-content\/uploads\/2026\/08\/Rothirsch-1-150x93.png 150w\" sizes=\"auto, (max-width: 490px) 100vw, 490px\" \/><\/figure>\n\n\n\n<div style=\"height:40px\" aria-hidden=\"true\" class=\"wp-block-spacer\"><\/div>\n\n\n\n<p>Anfang September ist f\u00fcr unser Tier des Jahres \u2013 den Rothirsch \u2013 eine \u00e4u\u00dferst spannende Zeit. Denn jetzt beginnt die Paarungszeit, die so genannte \u201eBrunft&#8220;. Sie dauert etwa f\u00fcnf bis sechs Wochen.<\/p>\n\n\n\n<p>Mit ungef\u00e4hr sechs Jahren kann ein Hirsch zum \u201ePlatzhirsch&#8220; werden: Er versammelt eine Gruppe von Hirschk\u00fchen um sich und verteidigt sie gegen alle Rivalen. Bevor es zum Kampf kommt, versuchen die Hirsche aber erst einmal, sich gegenseitig zu beeindrucken.<\/p>\n\n\n\n<p>Wer das gr\u00f6\u00dfte und stattlichste Geweih tr\u00e4gt, wirkt am gef\u00e4hrlichsten. Doch das Wichtigste bekommst du zu h\u00f6ren: das R\u00f6hren! Mit einem tiefen, langgezogenen und ziemlich lauten Ruf wollen die Hirsche ihre Gegner einsch\u00fcchtern und den Hirsch-Weibchen imponieren. Wer am lautesten r\u00f6hren kann, hat auch den kr\u00e4ftigsten Brustkorb. Der wirkt n\u00e4mlich wie ein Lautsprecher und macht den Ruf so m\u00e4chtig.<\/p>\n\n\n\n<p>Taucht trotzdem ein mutiger Herausforderer auf, kommt der gro\u00dfe Auftritt. Die beiden Hirsche gehen im \u201eImponierschritt&#8220; nebeneinander her und zeigen sich gegenseitig ihre ganze Gr\u00f6\u00dfe. Meistens reicht das schon, der Schw\u00e4chere gibt auf und sucht das Weite.<\/p>\n\n\n\n<p>Nur wenn beide standhaft bleiben, kommt es wirklich zum Kampf. Dann prallen die Hirsche mit ihren Geweihen frontal aufeinander und schieben sich mit aller Kraft \u00fcber den Platz. Sobald einer merkt, dass er unterlegen ist, flieht er.<\/p>\n\n\n\n<p>So ein Brunft-Herbst ist wirklich harte Arbeit. Die Platzhirsche sind st\u00e4ndig auf den Beinen, r\u00f6hren, k\u00e4mpfen und passen auf ihre Gruppe auf. Dabei vergessen sie oft sogar das Fressen. Am Ende der Brunft kann ein Platzhirsch deshalb bis zu einem F\u00fcnftel seines K\u00f6rpergewichts verloren haben!<\/p>\n\n\n\n<p>Wo du in Deutschland die Brunft der Rothirsche \u00fcberall selbst erleben kannst, siehst du auf dieser <a href=\"https:\/\/www.rothirsch.org\/erleben-2\/erleben\/\">Karte<\/a>. Und <a href=\"https:\/\/publikationen.deutschewildtierstiftung.de\/product-page\/poster-ausmalbild-der-rothirsch\">hier<\/a> kannst du dir noch ein kostenloses Ausmalbild vom Tier des Jahres 2026 herunterladen und erf\u00e4hrst noch viele weitere spannende Informationen \u00fcber den K\u00f6nig des Waldes. <\/p>\n\n\n\n<p><\/p>\n","protected":false},"excerpt":{"rendered":"<p>Anfang September ist beim K\u00f6nig des Waldes die Brunftzeit angesagt. Dann geht der Rothirsch auf Paarungssuche &#8211; und zwar mit m\u00e4chtigem Get\u00f6se. Wie so eine Brunft abl\u00e4uft und wo du sie selbst beobachten kannst, das verr\u00e4t dir Wildtierfreund.de. <\/p>\n","protected":false},"author":123460,"featured_media":0,"comment_status":"closed","ping_status":"open","sticky":false,"template":"","format":"standard","meta":{"footnotes":""},"categories":[2],"tags":[449,490,17,390,451,16,448,708,707,26,704,33,607,396,625,392,168,703,706,53,116,95,10],"class_list":["post-1002","post","type-post","status-publish","format-standard","hentry","category-neuigkeiten","tag-449","tag-ausmalbild","tag-beobachten","tag-brunft","tag-geweih","tag-herbst","tag-hirschkuh","tag-imponierschritt","tag-kampf","tag-kinder","tag-koenigdeswaldes","tag-lebensraum","tag-paarung","tag-platzhirsch","tag-poster","tag-roehren","tag-rothirsch","tag-rotwild","tag-september","tag-tierdesjahres","tag-wald","tag-wildtier","tag-wildtiere"],"_links":{"self":[{"href":"https:\/\/www.wildtierfreund.de\/wordpress\/wp-json\/wp\/v2\/posts\/1002","targetHints":{"allow":["GET"]}}],"collection":[{"href":"https:\/\/www.wildtierfreund.de\/wordpress\/wp-json\/wp\/v2\/posts"}],"about":[{"href":"https:\/\/www.wildtierfreund.de\/wordpress\/wp-json\/wp\/v2\/types\/post"}],"author":[{"embeddable":true,"href":"https:\/\/www.wildtierfreund.de\/wordpress\/wp-json\/wp\/v2\/users\/123460"}],"replies":[{"embeddable":true,"href":"https:\/\/www.wildtierfreund.de\/wordpress\/wp-json\/wp\/v2\/comments?post=1002"}],"version-history":[{"count":1,"href":"https:\/\/www.wildtierfreund.de\/wordpress\/wp-json\/wp\/v2\/posts\/1002\/revisions"}],"predecessor-version":[{"id":1005,"href":"https:\/\/www.wildtierfreund.de\/wordpress\/wp-json\/wp\/v2\/posts\/1002\/revisions\/1005"}],"wp:attachment":[{"href":"https:\/\/www.wildtierfreund.de\/wordpress\/wp-json\/wp\/v2\/media?parent=1002"}],"wp:term":[{"taxonomy":"category","embeddable":true,"href":"https:\/\/www.wildtierfreund.de\/wordpress\/wp-json\/wp\/v2\/categories?post=1002"},{"taxonomy":"post_tag","embeddable":true,"href":"https:\/\/www.wildtierfreund.de\/wordpress\/wp-json\/wp\/v2\/tags?post=1002"}],"curies":[{"name":"wp","href":"https:\/\/api.w.org\/{rel}","templated":true}]}}