{"id":612,"date":"2025-01-29T10:00:00","date_gmt":"2025-01-29T09:00:00","guid":{"rendered":"https:\/\/www.wildtierfreund.de\/wordpress\/?p=612"},"modified":"2025-01-27T11:50:20","modified_gmt":"2025-01-27T10:50:20","slug":"spannende-wildtierabenteuer-fuer-lange-wintertage","status":"publish","type":"post","link":"https:\/\/www.wildtierfreund.de\/wordpress\/spannende-wildtierabenteuer-fuer-lange-wintertage\/","title":{"rendered":"Spannende Wildtierabenteuer f\u00fcr lange Wintertage"},"content":{"rendered":"\n<div style=\"height:51px\" aria-hidden=\"true\" class=\"wp-block-spacer\"><\/div>\n\n\n\n<figure class=\"wp-block-image size-large is-resized is-style-default\"><img loading=\"lazy\" decoding=\"async\" width=\"1024\" height=\"1024\" src=\"https:\/\/www.wildtierfreund.de\/wordpress\/wp-content\/uploads\/2025\/01\/Rosa-Weiss-modern-Podcast-Episode-Instagram-Beitrag-1024x1024.png\" alt=\"Logo vom Podcast Winnis Wilde Nachbarn \" class=\"wp-image-613\" style=\"width:555px;height:auto\" srcset=\"https:\/\/www.wildtierfreund.de\/wordpress\/wp-content\/uploads\/2025\/01\/Rosa-Weiss-modern-Podcast-Episode-Instagram-Beitrag-1024x1024.png 1024w, https:\/\/www.wildtierfreund.de\/wordpress\/wp-content\/uploads\/2025\/01\/Rosa-Weiss-modern-Podcast-Episode-Instagram-Beitrag-300x300.png 300w, https:\/\/www.wildtierfreund.de\/wordpress\/wp-content\/uploads\/2025\/01\/Rosa-Weiss-modern-Podcast-Episode-Instagram-Beitrag-150x150.png 150w, https:\/\/www.wildtierfreund.de\/wordpress\/wp-content\/uploads\/2025\/01\/Rosa-Weiss-modern-Podcast-Episode-Instagram-Beitrag.png 1080w\" sizes=\"auto, (max-width: 1024px) 100vw, 1024px\" \/><\/figure>\n\n\n\n<div style=\"height:40px\" aria-hidden=\"true\" class=\"wp-block-spacer\"><\/div>\n\n\n\n<p>Kennst du schon Winni, das kleine, vorlaute und wissbegierige Eichh\u00f6rnchen? Das lebt in einem Baumhaus in einer schiefen Eiche und erlebt im Podcast der <a href=\"https:\/\/www.deutschewildtierstiftung.de\/\">Deutschen Wildtier Stiftung<\/a> zusammen mit Kindern und Experten jede Menge tierische Abenteuer.<\/p>\n\n\n\n<p>Mittlerweile gibt es drei Staffeln. In Staffel 1 lernt Winni die Tiere in der Gro\u00dfstadt kennen, in Staffel 2 die Bewohner des Waldes und in Staffel 3 dreht sich alles um Tiere in Feuchtgebieten.<\/p>\n\n\n\n<p>Spannend und lehrreich, so l\u00e4sst sich der ein oder andere graue Wintertag sicher gut \u00fcberbr\u00fccken!<\/p>\n\n\n\n<p>Alle bisher erschienenen Folgen findest du <a href=\"https:\/\/winnis-wilde-nachbarn.podigee.io\/\">hier<\/a> in der \u00dcbersicht.<\/p>\n","protected":false},"excerpt":{"rendered":"<p>Im Podcast der Deutschen Wildtier Stiftung &#8222;Winnis Wilde Nachbarn&#8220; erlebt das Eichh\u00f6rnchen Winni spannende Wildtierabenteuer gemeinsam mit Kindern und Experten. Genau das richtige f\u00fcr kalte Wintertage findet wildtierfreund.de. <\/p>\n","protected":false},"author":123460,"featured_media":0,"comment_status":"closed","ping_status":"open","sticky":false,"template":"","format":"standard","meta":{"footnotes":""},"categories":[2],"tags":[112,115,113,114,26,33,31,116,10,111,6],"class_list":["post-612","post","type-post","status-publish","format-standard","hentry","category-neuigkeiten","tag-deutsche-wildtier-stiftung","tag-feuchtgebiete","tag-freizeit","tag-grossstadt","tag-kinder","tag-lebensraum","tag-podcast","tag-wald","tag-wildtiere","tag-winniswildenachbarn","tag-winter"],"_links":{"self":[{"href":"https:\/\/www.wildtierfreund.de\/wordpress\/wp-json\/wp\/v2\/posts\/612","targetHints":{"allow":["GET"]}}],"collection":[{"href":"https:\/\/www.wildtierfreund.de\/wordpress\/wp-json\/wp\/v2\/posts"}],"about":[{"href":"https:\/\/www.wildtierfreund.de\/wordpress\/wp-json\/wp\/v2\/types\/post"}],"author":[{"embeddable":true,"href":"https:\/\/www.wildtierfreund.de\/wordpress\/wp-json\/wp\/v2\/users\/123460"}],"replies":[{"embeddable":true,"href":"https:\/\/www.wildtierfreund.de\/wordpress\/wp-json\/wp\/v2\/comments?post=612"}],"version-history":[{"count":1,"href":"https:\/\/www.wildtierfreund.de\/wordpress\/wp-json\/wp\/v2\/posts\/612\/revisions"}],"predecessor-version":[{"id":614,"href":"https:\/\/www.wildtierfreund.de\/wordpress\/wp-json\/wp\/v2\/posts\/612\/revisions\/614"}],"wp:attachment":[{"href":"https:\/\/www.wildtierfreund.de\/wordpress\/wp-json\/wp\/v2\/media?parent=612"}],"wp:term":[{"taxonomy":"category","embeddable":true,"href":"https:\/\/www.wildtierfreund.de\/wordpress\/wp-json\/wp\/v2\/categories?post=612"},{"taxonomy":"post_tag","embeddable":true,"href":"https:\/\/www.wildtierfreund.de\/wordpress\/wp-json\/wp\/v2\/tags?post=612"}],"curies":[{"name":"wp","href":"https:\/\/api.w.org\/{rel}","templated":true}]}}