{"id":670,"date":"2025-04-30T10:00:00","date_gmt":"2025-04-30T08:00:00","guid":{"rendered":"https:\/\/www.wildtierfreund.de\/wordpress\/?p=670"},"modified":"2025-04-16T09:19:47","modified_gmt":"2025-04-16T07:19:47","slug":"suesser-kleiner-heuhaufen","status":"publish","type":"post","link":"https:\/\/www.wildtierfreund.de\/wordpress\/suesser-kleiner-heuhaufen\/","title":{"rendered":"S\u00fc\u00dfer, kleiner Heuhaufen!"},"content":{"rendered":"\n<div style=\"height:50px\" aria-hidden=\"true\" class=\"wp-block-spacer\"><\/div>\n\n\n\n<figure class=\"wp-block-image size-full is-resized is-style-rounded\"><img loading=\"lazy\" decoding=\"async\" width=\"970\" height=\"580\" src=\"https:\/\/www.wildtierfreund.de\/wordpress\/wp-content\/uploads\/2025\/04\/Feldlerche_1-1.jpg\" alt=\"Baby-Feldlerchen mit einem Flaum auf dem Kopf, der an einen Heuhaufen erinnert, liegen flach auf dem Boden\" class=\"wp-image-671\" style=\"width:623px;height:auto\" srcset=\"https:\/\/www.wildtierfreund.de\/wordpress\/wp-content\/uploads\/2025\/04\/Feldlerche_1-1.jpg 970w, https:\/\/www.wildtierfreund.de\/wordpress\/wp-content\/uploads\/2025\/04\/Feldlerche_1-1-300x179.jpg 300w, https:\/\/www.wildtierfreund.de\/wordpress\/wp-content\/uploads\/2025\/04\/Feldlerche_1-1-150x90.jpg 150w\" sizes=\"auto, (max-width: 970px) 100vw, 970px\" \/><\/figure>\n\n\n\n<p>Jetzt zur Fr\u00fchlingszeit kannst du den einmaligen Gesang der Feldlerche h\u00f6ren, wenn du an Wiesen und Weiden vorbeispazierst. Das bedeutet, dass die Balz in vollem Gange ist und die Brutzeit bald beginnt.<\/p>\n\n\n\n<p>Die Feldlerche ist ein Bodenbr\u00fcter. Das hei\u00dft, sie baut ihr Nest am Boden zwischen Gr\u00e4sern und Kr\u00e4utern. Ihre Eier sind hellbraun, dunkel gefleckt und somit gut getarnt.<\/p>\n\n\n\n<p>Noch besser getarnt sind die Jungv\u00f6gel. Damit die Baby-Feldlerchen nicht von Feinden entdeckt werden, haben sie einen Flaum auf dem Kopf, der an trockenes Gras erinnert \u2013 einen kleinen Heuhaufen sozusagen.<\/p>\n\n\n\n<p>Wie lustig das aussieht und was die kleinen Feldlerchen am liebsten fressen, zeigt dir Tierfilmer Jan Haft in diesem <a href=\"https:\/\/www.kindersache.de\/sites\/default\/files\/media\/video\/2024-09\/21_jans_tierleben_feldlerche_sq.mp4\">Video<\/a>.<\/p>\n\n\n\n<p><\/p>\n","protected":false},"excerpt":{"rendered":"<p>Wei\u00dft du, wie sich kleine Feldlerchen-Babys vor Fressfeinden tarnen? Sie verwandeln sich gewisserma\u00dfen in einen Heuhaufen! Wie lustig das aussieht, zeigt dir wildtierfreund.de.<\/p>\n","protected":false},"author":123460,"featured_media":0,"comment_status":"closed","ping_status":"open","sticky":false,"template":"","format":"standard","meta":{"footnotes":""},"categories":[2],"tags":[220,219,218,217,214,142,216,221,26,215,223,222,57,10],"class_list":["post-670","post","type-post","status-publish","format-standard","hentry","category-neuigkeiten","tag-balz","tag-bodenbrueter","tag-brueten","tag-brutzeit","tag-feldlerche","tag-fruehling","tag-heuhaufen","tag-jungvoegel","tag-kinder","tag-nestling","tag-tarnung","tag-tierfilm","tag-video","tag-wildtiere"],"_links":{"self":[{"href":"https:\/\/www.wildtierfreund.de\/wordpress\/wp-json\/wp\/v2\/posts\/670","targetHints":{"allow":["GET"]}}],"collection":[{"href":"https:\/\/www.wildtierfreund.de\/wordpress\/wp-json\/wp\/v2\/posts"}],"about":[{"href":"https:\/\/www.wildtierfreund.de\/wordpress\/wp-json\/wp\/v2\/types\/post"}],"author":[{"embeddable":true,"href":"https:\/\/www.wildtierfreund.de\/wordpress\/wp-json\/wp\/v2\/users\/123460"}],"replies":[{"embeddable":true,"href":"https:\/\/www.wildtierfreund.de\/wordpress\/wp-json\/wp\/v2\/comments?post=670"}],"version-history":[{"count":2,"href":"https:\/\/www.wildtierfreund.de\/wordpress\/wp-json\/wp\/v2\/posts\/670\/revisions"}],"predecessor-version":[{"id":673,"href":"https:\/\/www.wildtierfreund.de\/wordpress\/wp-json\/wp\/v2\/posts\/670\/revisions\/673"}],"wp:attachment":[{"href":"https:\/\/www.wildtierfreund.de\/wordpress\/wp-json\/wp\/v2\/media?parent=670"}],"wp:term":[{"taxonomy":"category","embeddable":true,"href":"https:\/\/www.wildtierfreund.de\/wordpress\/wp-json\/wp\/v2\/categories?post=670"},{"taxonomy":"post_tag","embeddable":true,"href":"https:\/\/www.wildtierfreund.de\/wordpress\/wp-json\/wp\/v2\/tags?post=670"}],"curies":[{"name":"wp","href":"https:\/\/api.w.org\/{rel}","templated":true}]}}