{"id":917,"date":"2026-04-29T10:00:00","date_gmt":"2026-04-29T08:00:00","guid":{"rendered":"https:\/\/www.wildtierfreund.de\/wordpress\/?p=917"},"modified":"2026-04-09T18:08:54","modified_gmt":"2026-04-09T16:08:54","slug":"hier-kommt-zorro","status":"publish","type":"post","link":"https:\/\/www.wildtierfreund.de\/wordpress\/hier-kommt-zorro\/","title":{"rendered":"Hier kommt Zorro!"},"content":{"rendered":"\n<div style=\"height:50px\" aria-hidden=\"true\" class=\"wp-block-spacer\"><\/div>\n\n\n\n<figure class=\"wp-block-image size-full is-resized is-style-rounded\"><img loading=\"lazy\" decoding=\"async\" width=\"678\" height=\"564\" src=\"https:\/\/www.wildtierfreund.de\/wordpress\/wp-content\/uploads\/2026\/04\/Gartenschlaefer.jpg\" alt=\"Illustration in schwarz-wei\u00df eines Gartenschl\u00e4fers\" class=\"wp-image-918\" style=\"aspect-ratio:1.202138088060939;width:503px;height:auto\" srcset=\"https:\/\/www.wildtierfreund.de\/wordpress\/wp-content\/uploads\/2026\/04\/Gartenschlaefer.jpg 678w, https:\/\/www.wildtierfreund.de\/wordpress\/wp-content\/uploads\/2026\/04\/Gartenschlaefer-300x250.jpg 300w, https:\/\/www.wildtierfreund.de\/wordpress\/wp-content\/uploads\/2026\/04\/Gartenschlaefer-150x125.jpg 150w\" sizes=\"auto, (max-width: 678px) 100vw, 678px\" \/><\/figure>\n\n\n\n<div style=\"height:40px\" aria-hidden=\"true\" class=\"wp-block-spacer\"><\/div>\n\n\n\n<p>Gestatten? Zorro! Das ist der liebevolle Spitzname, den dieses Tierchen aufgrund seiner schwarzen Gesichtsmaske tr\u00e4gt. Der Gartenschl\u00e4fer mit den gro\u00dfen Augen und Ohren ist sehr selten und lebt nachtaktiv \u2013 deswegen hast du ihn vermutlich auch noch nie zu Gesicht bekommen.<\/p>\n\n\n\n<p>Mit seiner schwarzen Zorro-Maske kann man den Gartenschl\u00e4fer gut vom Siebenschl\u00e4fer unterscheiden.<\/p>\n\n\n\n<p>Im <a href=\"https:\/\/winnis-wilde-nachbarn.podigee.io\/5-gartenschlaefer\">Podcast<\/a> von Winni, dem schlauen Eichh\u00f6rnchen, erf\u00e4hrst du wie man den kleinen Tieren mit Milchkartons, \u00d6l und Grillkohlestaub trotzdem auf die Spur kommen kann.<\/p>\n\n\n\n<p>Und nachdem man ihn in freier Natur so schwierig zu Gesicht bekommt, haben wir hier noch einen Tipp f\u00fcr dich: Im <a href=\"https:\/\/www.deutschewildtierstiftung.de\/naturschutz\/gartenschlaefer-zukunft-fuer-den-kleinen-bilch#gartenschlaefer-webcam\">Livestream<\/a> aus dem Tierpark Nordhorn kannst du den seltenen Gartenschl\u00e4fer an einer F\u00fctterungsstelle im Nachttierhaus beobachten. <\/p>\n\n\n\n<p><\/p>\n","protected":false},"excerpt":{"rendered":"<p>Hast du schon mal geh\u00f6rt, welches Tier in der Tierwelt auch &#8222;Zorro&#8220; genannt wird? Der Spitzname kommt daher, dass das Tierchen eine schwarze Gesichtsmaske tr\u00e4gt. Um welches scheue Tier es sich handelt und wie du es dennoch zu Gesicht bekommt, verr\u00e4t dir Wildtierfreund.de.  <\/p>\n","protected":false},"author":123460,"featured_media":0,"comment_status":"closed","ping_status":"open","sticky":false,"template":"","format":"standard","meta":{"footnotes":""},"categories":[2],"tags":[285,17,481,598,26,33,595,423,31,596,594,95,10,597],"class_list":["post-917","post","type-post","status-publish","format-standard","hentry","category-neuigkeiten","tag-artenschutz","tag-beobachten","tag-gartenschlaefer","tag-gesichtsmaske","tag-kinder","tag-lebensraum","tag-livestream","tag-nachtaktiv","tag-podcast","tag-scheu","tag-siebenschlaefer","tag-wildtier","tag-wildtiere","tag-zorro"],"_links":{"self":[{"href":"https:\/\/www.wildtierfreund.de\/wordpress\/wp-json\/wp\/v2\/posts\/917","targetHints":{"allow":["GET"]}}],"collection":[{"href":"https:\/\/www.wildtierfreund.de\/wordpress\/wp-json\/wp\/v2\/posts"}],"about":[{"href":"https:\/\/www.wildtierfreund.de\/wordpress\/wp-json\/wp\/v2\/types\/post"}],"author":[{"embeddable":true,"href":"https:\/\/www.wildtierfreund.de\/wordpress\/wp-json\/wp\/v2\/users\/123460"}],"replies":[{"embeddable":true,"href":"https:\/\/www.wildtierfreund.de\/wordpress\/wp-json\/wp\/v2\/comments?post=917"}],"version-history":[{"count":2,"href":"https:\/\/www.wildtierfreund.de\/wordpress\/wp-json\/wp\/v2\/posts\/917\/revisions"}],"predecessor-version":[{"id":920,"href":"https:\/\/www.wildtierfreund.de\/wordpress\/wp-json\/wp\/v2\/posts\/917\/revisions\/920"}],"wp:attachment":[{"href":"https:\/\/www.wildtierfreund.de\/wordpress\/wp-json\/wp\/v2\/media?parent=917"}],"wp:term":[{"taxonomy":"category","embeddable":true,"href":"https:\/\/www.wildtierfreund.de\/wordpress\/wp-json\/wp\/v2\/categories?post=917"},{"taxonomy":"post_tag","embeddable":true,"href":"https:\/\/www.wildtierfreund.de\/wordpress\/wp-json\/wp\/v2\/tags?post=917"}],"curies":[{"name":"wp","href":"https:\/\/api.w.org\/{rel}","templated":true}]}}